{"id":506,"date":"2015-03-09T12:13:45","date_gmt":"2015-03-09T16:13:45","guid":{"rendered":"http:\/\/www.lifestyleimages.ca\/blog\/?p=506"},"modified":"2015-03-09T16:19:56","modified_gmt":"2015-03-09T20:19:56","slug":"mon-appreciation-du-boitier-fujifilm-x-e2-1-de-2","status":"publish","type":"post","link":"https:\/\/www.lifestyleimages.ca\/blog\/2015\/03\/mon-appreciation-du-boitier-fujifilm-x-e2-1-de-2\/","title":{"rendered":"Mon appr\u00e9ciation du bo\u00eetier Fujifilm X-E2 (1 de 2)"},"content":{"rendered":"<p><a href=\"http:\/\/www.lifestyleimages.ca\/blog\/wp-content\/uploads\/2015\/03\/Fuji-X-E2.jpg\"><img loading=\"lazy\" class=\"alignleft size-full wp-image-507\" src=\"http:\/\/www.lifestyleimages.ca\/blog\/wp-content\/uploads\/2015\/03\/Fuji-X-E2.jpg\" alt=\"Fuji X-E2\" width=\"920\" height=\"524\" srcset=\"https:\/\/www.lifestyleimages.ca\/blog\/wp-content\/uploads\/2015\/03\/Fuji-X-E2.jpg 920w, https:\/\/www.lifestyleimages.ca\/blog\/wp-content\/uploads\/2015\/03\/Fuji-X-E2-200x113.jpg 200w, https:\/\/www.lifestyleimages.ca\/blog\/wp-content\/uploads\/2015\/03\/Fuji-X-E2-300x170.jpg 300w, https:\/\/www.lifestyleimages.ca\/blog\/wp-content\/uploads\/2015\/03\/Fuji-X-E2-500x284.jpg 500w\" sizes=\"(max-width: 920px) 100vw, 920px\" \/><\/a><\/p>\n<p style=\"text-align: center;\">\u00a0C&rsquo;est bien connu dans le m\u00e9tier de photographe, que le cr\u00e9neau technique, c&rsquo;est-\u00e0-dire des cam\u00e9ras et tout autre accessoires servant \u00e0 capturer une image est en constante \u00e9volution d&rsquo;ann\u00e9e en ann\u00e9e, ce qui force la plupart des photographes \u00e0 engouffrer des sommes consid\u00e9rables \u00e0 chaque ann\u00e9e afin de se tenir \u00e0 date.<\/p>\n<p style=\"text-align: center;\">Un peu las de tra\u00eener avec moi du gros mat\u00e9riel photo, je me suis convaincu qu&rsquo;un regard du c\u00f4t\u00e9 des appareils sans miroirs, commun\u00e9ment appel\u00e9 mirrorless, serait peut-\u00eatre int\u00e9ressant. Certains amis, mal intentionn\u00e9s pour me faire d\u00e9penser inutilement (haha), s&rsquo;en sont donn\u00e9 \u00e0 c\u0153ur joie afin de me cr\u00e9er des besoins. Farce \u00e0 part, je les remercie. \ud83d\ude09<\/p>\n<p style=\"text-align: center;\">(Oui \u00c9ric (GX7), Michel (X100s) et Marco (X-T1), c&rsquo;est de vous dont je parle. lol)<\/p>\n<p style=\"text-align: center;\">Avec en t\u00eate une nouvelle acquisition pour mes besoins photos personnels, je me suis donc mis \u00e0 la recherche de la meilleure option pour moi. Comprenez moi bien, je ne dis pas avoir achet\u00e9 la meilleure cam\u00e9ra qui existe, mais un excellent bo\u00eetier qui vient combler mes besoins. Je voulais donc une cam\u00e9ra l\u00e9g\u00e8re, qui pouvais r\u00e9pondre \u00e0 ces attentes.<\/p>\n<p style=\"text-align: center;\">-Excellent bo\u00eetier, petit et l\u00e9ger<\/p>\n<p style=\"text-align: center;\">-Fichiers de hautes qualit\u00e9s<\/p>\n<p style=\"text-align: center;\">-S\u00e9rie d&rsquo;objectifs de hautes qualit\u00e9s<\/p>\n<p style=\"text-align: center;\">-Bonne construction<\/p>\n<p style=\"text-align: center;\">-Bonne aptitude en haut iso<\/p>\n<p style=\"text-align: center;\">-Bon autofocus<\/p>\n<p style=\"text-align: center;\">-Objectifs interchangeables<\/p>\n<p style=\"text-align: center;\">Ceci dit, il n&rsquo;y a pas de bo\u00eetiers mirrorless qui existe actuellement qui contiennent une liste exacte de toutes mes exigences. Quand ils ont une partie de ce que je recherche, c&rsquo;est ailleurs qu&rsquo;il y a un manque. L&rsquo;autofocus en basses lumi\u00e8res est tr\u00e8s al\u00e9atoire, l&rsquo;iso utilisable le plus haut est 6400, mais est n\u00e9anmoins de tr\u00e8s bonnes qualit\u00e9s car il n&rsquo;est pas remplis d\u2019artefacts dans ses zones sombres. L&rsquo;autonomie repr\u00e9sente aussi pour moi un l\u00e9ger probl\u00e8me. Il faut comprendre que l&rsquo;utilisation professionnelle demande parfois une utilisation de plus longue dur\u00e9e que pour monsieur et madame tout le monde. Si les batteries ne sont pas si ch\u00e8re pour combler cette lacune, il reste que lors d&rsquo;un contrat, lorsqu&rsquo;il y a ce que l&rsquo;on appelle un \u00ab\u00a0instant d\u00e9cisif\u00a0\u00bb, vous savez, ce moment unique qui passe le temps d&rsquo;un clin d\u2019\u0153il, et bien il n&rsquo;est pas appr\u00e9ci\u00e9 de perdre \u00e0 tout jamais ce moment par manque d&rsquo;\u00e9nergie. Une batterie pour ce mod\u00e8le vous permet de prendre environ 300 images. Pour la plupart des gens, 300 c&rsquo;est beaucoup, mais pour un usage professionnel, \u00e7a passe vite.<\/p>\n<p style=\"text-align: center;\">L\u00e0 vous vous dites \u00ab\u00a0H\u00e9 ho! Tu ne cherchais pas une cam\u00e9ra compacte pour utilisation personnelle?\u00a0\u00bb H\u00e9 oui! \u00c7a commence souvent comme \u00e7a une nouvelle addiction. \ud83d\ude42<\/p>\n<p style=\"text-align: center;\">J&rsquo;ai vite d\u00e9couvert au long de mes recherches que je pouvais obtenir plus pour mon argent que ce que je pensais au tout d\u00e9but. Mon intention d&rsquo;utiliser un tel appareil pour des besoins personnels s&rsquo;est vite vu ajouter certaines occasions de l&rsquo;utiliser pour certains besoins professionnels. Le syst\u00e8me Fuji \u00e0 vite attir\u00e9 mon attention. De beaux bo\u00eetiers aux allures des Leica, de beaux appareils aux allures de rangefinder (appareil au viseur t\u00e9l\u00e9m\u00e9trique). Des appareils quasi anonymes tellement ils n&rsquo;attirent pas l&rsquo;attention. J&rsquo;ai aussi \u00e9t\u00e9 impressionn\u00e9 par les \u00ab\u00a0reviews\u00a0\u00bb tr\u00e8s positives sur les objectifs de la marque, qui dans certains cas, atteignent des standards que peu d&rsquo;objectifs peuvent se vanter d&rsquo;atteindre. Pour moi, de pouvoir changer d&rsquo;objectifs selon le besoin \u00e9tait important, afin de ne pas me limiter \u00e0 une seule longueur focale, viss\u00e9 au bo\u00eetier ce qui \u00e0 la longue m&rsquo;appara\u00eet comme une limitation technique dans certaines occasions. J&rsquo;avais donc devant moi deux choix \u00e0 faire pour le type de cam\u00e9ra recherch\u00e9. D&rsquo;un c\u00f4t\u00e9 l&rsquo;excellent X-Pro1, avec un excellent viseur hybride, et de l&rsquo;autre, un X-E2 avec un autofocus plus rapide et plus performant ( surtout d\u00fb au fait qu&rsquo;il soit plus r\u00e9cent). Mon choix s&rsquo;est donc port\u00e9 sur le X-E2. Vous \u00eates surpris? C&rsquo;\u00e9tait pourtant dans le titre! \ud83d\ude1b Un article du <a href=\"http:\/\/travel.nationalgeographic.com\/travel\/top-10-compact-travel-cameras\/#\/fujifilm-xt-1_83529_600x450.jpg\" target=\"_blank\">National Geographic<\/a> est d\u2019ailleurs venu me conforter dans mon choix. De plus, la l\u00e9g\u00e8ret\u00e9 d&rsquo;un tel syst\u00e8me est fort appr\u00e9ciable pour une personne comme moi fatigu\u00e9 de transporter 50 lbs de mat\u00e9riel dans un sac, surtout lors de prise de vues ext\u00e9rieures pour mon cr\u00e9neau portrait. Quoi de plus agr\u00e9able que d&rsquo;amener un ou deux bo\u00eetiers ultra-l\u00e9ger avec un ou deux objectifs qui tiennent bien dans une des poche de ma veste. \ud83d\ude09<\/p>\n<p style=\"text-align: center;\">Ce billet va comporter un volet technique, mais pas en d\u00e9tail. Certains sites ont d\u00e9taill\u00e9s en long et en large les pour et les contre techniques de cet appareil. Les amateurs de fiches techniques devront donc s&rsquo;en remettre \u00e0 ces sites. En fait, c&rsquo;est mon appr\u00e9ciation globale de cet appareil que je veux partager en fonction de situation r\u00e9els de prise de vues. Que ce soit pour un usage professionnel, ou personnel.<\/p>\n<p style=\"text-align: center;\">Ma premi\u00e8re utilisation apr\u00e8s mon acquisition f\u00fbt lors d&rsquo;une prise de vue de couple, ce que l&rsquo;on appelle commun\u00e9ment \u00ab\u00a0la s\u00e9ance d&rsquo;engagement\u00a0\u00bb. Suis-je parti sur une assignation photo\u00a0 avec dans mes mains uniquement ce petit bo\u00eetier? Bien s\u00fbre que non! J&rsquo;ai toujours \u00e9t\u00e9 un fier utilisateur de Nikon, et j&rsquo;avais avec moi mes deux bo\u00eetiers professionnels ainsi que quelques objectifs. J&rsquo;ai n\u00e9anmoins demand\u00e9 au couple de me permettre de prendre quelques clich\u00e9s avec le Fuji, ce qu&rsquo;ils ont accept\u00e9 volontiers. J&rsquo;ai \u00e9t\u00e9 charm\u00e9 imm\u00e9diatement par son utilisation, bien s\u00fbre j&rsquo;avais pratiqu\u00e9 avec cette appareil avant ce moment avec eux, mais ce fut ma premi\u00e8re utilisation en conditions r\u00e9els professionnels. L&rsquo;utilisation, les commandes personnalisables, la qualit\u00e9 des fichiers et surtout, ces couleurs propres \u00e0 Fuji \u00e9taient un d\u00e9lice pour mes yeux. J&rsquo;ai donc d\u00e9cid\u00e9 de poursuivre l&rsquo;exp\u00e9rience et de pousser un peu plus loin. Une amie photographe, Nancy Patry, m&rsquo;a demand\u00e9 si j&rsquo;\u00e9tais libre pour un mariage afin d&rsquo;agir en tant que second photographe. Ils nous arrive \u00e0 tous en tant que photographe d&rsquo;avoir certaines dates qui ne sont pas r\u00e9serv\u00e9s. Pour certains, cette occasion permet une collaboration ponctuel et une occasion de partager une exp\u00e9rience de \u00ab\u00a0shooting\u00a0\u00bb commune. Comme la chimie entre moi et Nancy est excellente, ce fut une occasion de collaborer ensemble. De plus, je dois avouer que ses clients \u00e9taient fort sympathique, et m&rsquo;ont laiss\u00e9 pleine latitude. J&rsquo;ai donc propos\u00e9 \u00e0 Nancy de faire quelques clich\u00e9s avec l&rsquo;appareil, ce qui devrait repr\u00e9senter environ 15% de la couverture que j&rsquo;ai fait. Elle f\u00fbt enthousiasm\u00e9.<\/p>\n<p style=\"text-align: center;\">(La l\u00e9gende de chaque image se retrouve au dessus de celle ci)<\/p>\n<p style=\"text-align: center;\">Voil\u00e0 d\u2019ailleurs Nancy en plein travail.<\/p>\n<p style=\"text-align: center;\"><a href=\"http:\/\/www.lifestyleimages.ca\/blog\/wp-content\/uploads\/2015\/03\/NPphoto.jpg\"><img loading=\"lazy\" class=\"alignleft size-full wp-image-521\" src=\"http:\/\/www.lifestyleimages.ca\/blog\/wp-content\/uploads\/2015\/03\/NPphoto.jpg\" alt=\"NPphoto\" width=\"920\" height=\"613\" srcset=\"https:\/\/www.lifestyleimages.ca\/blog\/wp-content\/uploads\/2015\/03\/NPphoto.jpg 920w, https:\/\/www.lifestyleimages.ca\/blog\/wp-content\/uploads\/2015\/03\/NPphoto-200x133.jpg 200w, https:\/\/www.lifestyleimages.ca\/blog\/wp-content\/uploads\/2015\/03\/NPphoto-300x199.jpg 300w, https:\/\/www.lifestyleimages.ca\/blog\/wp-content\/uploads\/2015\/03\/NPphoto-450x300.jpg 450w\" sizes=\"(max-width: 920px) 100vw, 920px\" \/><\/a><\/p>\n<p style=\"text-align: center;\">Alors voici donc quelques clich\u00e9s avec d\u00e9tails de prise de vue. Toutes les images ont \u00e9t\u00e9 prises avec le Fujifilm X-E2 en lumi\u00e8re ambiante et la Fujinon 35mm 1.4 (\u00e9quiv. 52.5mm)<\/p>\n<p style=\"text-align: center;\">iso 200, 1\/320sec, f2.5,\u00a0balance des blancs et couleurs modifi\u00e9s.<\/p>\n<p style=\"text-align: center;\"><a href=\"http:\/\/www.lifestyleimages.ca\/blog\/wp-content\/uploads\/2015\/03\/FUJI3252.jpg\"><img loading=\"lazy\" class=\"alignleft size-full wp-image-523\" src=\"http:\/\/www.lifestyleimages.ca\/blog\/wp-content\/uploads\/2015\/03\/FUJI3252.jpg\" alt=\"FUJI3252\" width=\"920\" height=\"518\" srcset=\"https:\/\/www.lifestyleimages.ca\/blog\/wp-content\/uploads\/2015\/03\/FUJI3252.jpg 920w, https:\/\/www.lifestyleimages.ca\/blog\/wp-content\/uploads\/2015\/03\/FUJI3252-200x112.jpg 200w, https:\/\/www.lifestyleimages.ca\/blog\/wp-content\/uploads\/2015\/03\/FUJI3252-300x168.jpg 300w, https:\/\/www.lifestyleimages.ca\/blog\/wp-content\/uploads\/2015\/03\/FUJI3252-500x281.jpg 500w\" sizes=\"(max-width: 920px) 100vw, 920px\" \/><\/a><\/p>\n<p style=\"text-align: center;\">iso 3200, 1\/180sec, f2.5 \u00e0 l&rsquo;int\u00e9rieur de la salle de r\u00e9ception. Malgr\u00e9 l&rsquo;iso utilis\u00e9, les d\u00e9tails de cette prise de vue sont excellents. Balance des blancs de l&rsquo;appareil.<\/p>\n<p style=\"text-align: center;\"><a href=\"http:\/\/www.lifestyleimages.ca\/blog\/wp-content\/uploads\/2015\/03\/FUJI3282.jpg\"><img loading=\"lazy\" class=\"alignleft size-full wp-image-524\" src=\"http:\/\/www.lifestyleimages.ca\/blog\/wp-content\/uploads\/2015\/03\/FUJI3282.jpg\" alt=\"FUJI3282\" width=\"920\" height=\"613\" srcset=\"https:\/\/www.lifestyleimages.ca\/blog\/wp-content\/uploads\/2015\/03\/FUJI3282.jpg 920w, https:\/\/www.lifestyleimages.ca\/blog\/wp-content\/uploads\/2015\/03\/FUJI3282-200x133.jpg 200w, https:\/\/www.lifestyleimages.ca\/blog\/wp-content\/uploads\/2015\/03\/FUJI3282-300x199.jpg 300w, https:\/\/www.lifestyleimages.ca\/blog\/wp-content\/uploads\/2015\/03\/FUJI3282-450x300.jpg 450w\" sizes=\"(max-width: 920px) 100vw, 920px\" \/><\/a><\/p>\n<p style=\"text-align: center;\">iso 1250, 1\/180sec, f2.8, balance des blancs de l&rsquo;appareil<\/p>\n<p style=\"text-align: center;\"><a href=\"http:\/\/www.lifestyleimages.ca\/blog\/wp-content\/uploads\/2015\/03\/FUJI3313.jpg\"><img loading=\"lazy\" class=\"alignleft size-full wp-image-526\" src=\"http:\/\/www.lifestyleimages.ca\/blog\/wp-content\/uploads\/2015\/03\/FUJI3313.jpg\" alt=\"FUJI3313\" width=\"920\" height=\"613\" srcset=\"https:\/\/www.lifestyleimages.ca\/blog\/wp-content\/uploads\/2015\/03\/FUJI3313.jpg 920w, https:\/\/www.lifestyleimages.ca\/blog\/wp-content\/uploads\/2015\/03\/FUJI3313-200x133.jpg 200w, https:\/\/www.lifestyleimages.ca\/blog\/wp-content\/uploads\/2015\/03\/FUJI3313-300x199.jpg 300w, https:\/\/www.lifestyleimages.ca\/blog\/wp-content\/uploads\/2015\/03\/FUJI3313-450x300.jpg 450w\" sizes=\"(max-width: 920px) 100vw, 920px\" \/><\/a><\/p>\n<p style=\"text-align: center;\">iso 1250, 1\/60sec, f1.4, balance des blancs de l&rsquo;appareil. Il est int\u00e9ressant de savoir que l&rsquo;appareil, avec des vitesses plus basse, \u00e0 son propre syst\u00e8me anti-vibrations.<\/p>\n<p style=\"text-align: center;\"><a href=\"http:\/\/www.lifestyleimages.ca\/blog\/wp-content\/uploads\/2015\/03\/FUJI3329.jpg\"><img loading=\"lazy\" class=\"alignleft size-full wp-image-527\" src=\"http:\/\/www.lifestyleimages.ca\/blog\/wp-content\/uploads\/2015\/03\/FUJI3329.jpg\" alt=\"FUJI3329\" width=\"613\" height=\"920\" srcset=\"https:\/\/www.lifestyleimages.ca\/blog\/wp-content\/uploads\/2015\/03\/FUJI3329.jpg 613w, https:\/\/www.lifestyleimages.ca\/blog\/wp-content\/uploads\/2015\/03\/FUJI3329-200x300.jpg 200w, https:\/\/www.lifestyleimages.ca\/blog\/wp-content\/uploads\/2015\/03\/FUJI3329-199x300.jpg 199w\" sizes=\"(max-width: 613px) 100vw, 613px\" \/><\/a><\/p>\n<p style=\"text-align: center;\">iso 200, 1\/40sec, f2.2, balance des blancs de l&rsquo;appareil. Notez le \u00ab\u00a0sharpness\u00a0\u00bb malgr\u00e9 la basse vitesse et la faible profondeur de champ.<\/p>\n<p style=\"text-align: center;\"><a href=\"http:\/\/www.lifestyleimages.ca\/blog\/wp-content\/uploads\/2015\/03\/FUJI3356.jpg\"><img loading=\"lazy\" class=\"alignleft size-full wp-image-528\" src=\"http:\/\/www.lifestyleimages.ca\/blog\/wp-content\/uploads\/2015\/03\/FUJI3356.jpg\" alt=\"FUJI3356\" width=\"920\" height=\"613\" srcset=\"https:\/\/www.lifestyleimages.ca\/blog\/wp-content\/uploads\/2015\/03\/FUJI3356.jpg 920w, https:\/\/www.lifestyleimages.ca\/blog\/wp-content\/uploads\/2015\/03\/FUJI3356-200x133.jpg 200w, https:\/\/www.lifestyleimages.ca\/blog\/wp-content\/uploads\/2015\/03\/FUJI3356-300x199.jpg 300w, https:\/\/www.lifestyleimages.ca\/blog\/wp-content\/uploads\/2015\/03\/FUJI3356-450x300.jpg 450w\" sizes=\"(max-width: 920px) 100vw, 920px\" \/><\/a><\/p>\n<p style=\"text-align: center;\">iso 400, 1\/1000sec, f1.4, balance des blancs de l&rsquo;appareil. Malgr\u00e9 la faible profondeur de champ, l&rsquo;image jouit encore d&rsquo;un piqu\u00e9 excellent. Bien s\u00fbre, avec mon d\u00e9calage de position en rapport avec elles, je suis en hyperfocale. De plus, aucuns probl\u00e8mes chromatiques d\u00fb \u00e0 une r\u00e9flexion quelconque. J&rsquo;ai pourtant vu des objectifs plus dispendieux mordre la poussi\u00e8re avec des conditions lumineuses comparables, et ce, m\u00eame si cette situation ne repr\u00e9sente en rien des conditions extr\u00eames.<\/p>\n<p style=\"text-align: center;\"><a href=\"http:\/\/www.lifestyleimages.ca\/blog\/wp-content\/uploads\/2015\/03\/lifestyle-wedding.jpg\"><img loading=\"lazy\" class=\"alignleft size-full wp-image-529\" src=\"http:\/\/www.lifestyleimages.ca\/blog\/wp-content\/uploads\/2015\/03\/lifestyle-wedding.jpg\" alt=\"lifestyle wedding\" width=\"920\" height=\"518\" srcset=\"https:\/\/www.lifestyleimages.ca\/blog\/wp-content\/uploads\/2015\/03\/lifestyle-wedding.jpg 920w, https:\/\/www.lifestyleimages.ca\/blog\/wp-content\/uploads\/2015\/03\/lifestyle-wedding-200x112.jpg 200w, https:\/\/www.lifestyleimages.ca\/blog\/wp-content\/uploads\/2015\/03\/lifestyle-wedding-300x168.jpg 300w, https:\/\/www.lifestyleimages.ca\/blog\/wp-content\/uploads\/2015\/03\/lifestyle-wedding-500x281.jpg 500w\" sizes=\"(max-width: 920px) 100vw, 920px\" \/><\/a><\/p>\n<p style=\"text-align: center;\">iso 200, 1\/180sec, f3.6, balance des blancs de l&rsquo;appareil. Mise au point faite sur les yeux. En mode d&rsquo;agrandissement 100%, on vois bien le d\u00e9tail au niveau de la chevelure et la texture de l\u2019\u0153il.<\/p>\n<p style=\"text-align: center;\"><a href=\"http:\/\/www.lifestyleimages.ca\/blog\/wp-content\/uploads\/2015\/03\/FUJI3457.jpg\"><img loading=\"lazy\" class=\"alignleft size-full wp-image-533\" src=\"http:\/\/www.lifestyleimages.ca\/blog\/wp-content\/uploads\/2015\/03\/FUJI3457.jpg\" alt=\"FUJI3457\" width=\"963\" height=\"920\" srcset=\"https:\/\/www.lifestyleimages.ca\/blog\/wp-content\/uploads\/2015\/03\/FUJI3457.jpg 963w, https:\/\/www.lifestyleimages.ca\/blog\/wp-content\/uploads\/2015\/03\/FUJI3457-200x191.jpg 200w, https:\/\/www.lifestyleimages.ca\/blog\/wp-content\/uploads\/2015\/03\/FUJI3457-300x286.jpg 300w, https:\/\/www.lifestyleimages.ca\/blog\/wp-content\/uploads\/2015\/03\/FUJI3457-314x300.jpg 314w\" sizes=\"(max-width: 963px) 100vw, 963px\" \/><\/a><\/p>\n<p style=\"text-align: center;\">iso 200, 1\/1000sec, f3.6, balance des blancs de l&rsquo;appareil. L&rsquo;avantage d&rsquo;un mirrorless comme le mod\u00e8le utilis\u00e9, c&rsquo;est la pr\u00e9-visualisation de l&rsquo;image en temps r\u00e9el. Ce que vous voyez dans le viseur ou \u00e0 l&rsquo;\u00e9cran, c&rsquo;est ce que vous obtiendrai une fois l&rsquo;image prise. Vous chang\u00e9 les temps de poses, la profondeur de champ, vous verrez alors instantan\u00e9ment votre \u00e9cran changer, et ce m\u00eame avant de presser le d\u00e9clencheur. J&rsquo;y vois un gros avantage pour ceux et celles qui veulent composer avec la lumi\u00e8re. J&rsquo;y reviendrai d\u2019ailleurs plus tard.<\/p>\n<p style=\"text-align: center;\"><a href=\"http:\/\/www.lifestyleimages.ca\/blog\/wp-content\/uploads\/2015\/03\/mariage-lifestyle.jpg\"><img loading=\"lazy\" class=\"alignleft size-full wp-image-534\" src=\"http:\/\/www.lifestyleimages.ca\/blog\/wp-content\/uploads\/2015\/03\/mariage-lifestyle.jpg\" alt=\"mariage lifestyle\" width=\"613\" height=\"920\" srcset=\"https:\/\/www.lifestyleimages.ca\/blog\/wp-content\/uploads\/2015\/03\/mariage-lifestyle.jpg 613w, https:\/\/www.lifestyleimages.ca\/blog\/wp-content\/uploads\/2015\/03\/mariage-lifestyle-200x300.jpg 200w, https:\/\/www.lifestyleimages.ca\/blog\/wp-content\/uploads\/2015\/03\/mariage-lifestyle-199x300.jpg 199w\" sizes=\"(max-width: 613px) 100vw, 613px\" \/><\/a><\/p>\n<p style=\"text-align: center;\">iso 1000, 1\/400sec, f2.0, balance des blancs et couleurs modifi\u00e9s.<\/p>\n<p style=\"text-align: center;\"><a href=\"http:\/\/www.lifestyleimages.ca\/blog\/wp-content\/uploads\/2015\/03\/montreal-wedding-photographer.jpg\"><img loading=\"lazy\" class=\"alignleft size-full wp-image-536\" src=\"http:\/\/www.lifestyleimages.ca\/blog\/wp-content\/uploads\/2015\/03\/montreal-wedding-photographer.jpg\" alt=\"montreal wedding photographer\" width=\"736\" height=\"920\" srcset=\"https:\/\/www.lifestyleimages.ca\/blog\/wp-content\/uploads\/2015\/03\/montreal-wedding-photographer.jpg 736w, https:\/\/www.lifestyleimages.ca\/blog\/wp-content\/uploads\/2015\/03\/montreal-wedding-photographer-200x250.jpg 200w, https:\/\/www.lifestyleimages.ca\/blog\/wp-content\/uploads\/2015\/03\/montreal-wedding-photographer-240x300.jpg 240w\" sizes=\"(max-width: 736px) 100vw, 736px\" \/><\/a><\/p>\n<p style=\"text-align: center;\">iso 1000, 1\/500sec, f1.4, balance des blancs de l&rsquo;appareil. Mise au point faite sur les d\u00e9tails en bois de la cl\u00f4ture afin de produire un effet de flou sur le couple.<\/p>\n<p style=\"text-align: center;\"><a href=\"http:\/\/www.lifestyleimages.ca\/blog\/wp-content\/uploads\/2015\/03\/FUJI3619.jpg\"><img loading=\"lazy\" class=\"alignleft size-full wp-image-537\" src=\"http:\/\/www.lifestyleimages.ca\/blog\/wp-content\/uploads\/2015\/03\/FUJI3619.jpg\" alt=\"FUJI3619\" width=\"920\" height=\"613\" srcset=\"https:\/\/www.lifestyleimages.ca\/blog\/wp-content\/uploads\/2015\/03\/FUJI3619.jpg 920w, https:\/\/www.lifestyleimages.ca\/blog\/wp-content\/uploads\/2015\/03\/FUJI3619-200x133.jpg 200w, https:\/\/www.lifestyleimages.ca\/blog\/wp-content\/uploads\/2015\/03\/FUJI3619-300x199.jpg 300w, https:\/\/www.lifestyleimages.ca\/blog\/wp-content\/uploads\/2015\/03\/FUJI3619-450x300.jpg 450w\" sizes=\"(max-width: 920px) 100vw, 920px\" \/><\/a><\/p>\n<p style=\"text-align: center;\">iso 5000, 1\/100sec, f2.8, balance des blancs de l&rsquo;appareil. La photo \u00e0 \u00e9t\u00e9 prise en int\u00e9rieur, donc aucune luminosit\u00e9 ext\u00e9rieur disponible. Autant les d\u00e9tails que le niveau de bruit est fort acceptable pour une image prise \u00e0 haut iso.<\/p>\n<p style=\"text-align: center;\"><a href=\"http:\/\/www.lifestyleimages.ca\/blog\/wp-content\/uploads\/2015\/03\/FUJI3640.jpg\"><img loading=\"lazy\" class=\"alignleft size-full wp-image-538\" src=\"http:\/\/www.lifestyleimages.ca\/blog\/wp-content\/uploads\/2015\/03\/FUJI3640.jpg\" alt=\"FUJI3640\" width=\"736\" height=\"920\" srcset=\"https:\/\/www.lifestyleimages.ca\/blog\/wp-content\/uploads\/2015\/03\/FUJI3640.jpg 736w, https:\/\/www.lifestyleimages.ca\/blog\/wp-content\/uploads\/2015\/03\/FUJI3640-200x250.jpg 200w, https:\/\/www.lifestyleimages.ca\/blog\/wp-content\/uploads\/2015\/03\/FUJI3640-240x300.jpg 240w\" sizes=\"(max-width: 736px) 100vw, 736px\" \/><\/a><\/p>\n<p style=\"text-align: center;\">&#8230;et pourquoi pas jouer un peu avec les d\u00e9tails pr\u00e9sents. \ud83d\ude09 iso 3200, 1\/50sec, f2.8 et balance des blancs de l&rsquo;appareil.<\/p>\n<p style=\"text-align: center;\"><a href=\"http:\/\/www.lifestyleimages.ca\/blog\/wp-content\/uploads\/2015\/03\/FUJI3576.jpg\"><img loading=\"lazy\" class=\"alignleft size-full wp-image-539\" src=\"http:\/\/www.lifestyleimages.ca\/blog\/wp-content\/uploads\/2015\/03\/FUJI3576.jpg\" alt=\"FUJI3576\" width=\"613\" height=\"920\" srcset=\"https:\/\/www.lifestyleimages.ca\/blog\/wp-content\/uploads\/2015\/03\/FUJI3576.jpg 613w, https:\/\/www.lifestyleimages.ca\/blog\/wp-content\/uploads\/2015\/03\/FUJI3576-200x300.jpg 200w, https:\/\/www.lifestyleimages.ca\/blog\/wp-content\/uploads\/2015\/03\/FUJI3576-199x300.jpg 199w\" sizes=\"(max-width: 613px) 100vw, 613px\" \/><\/a><\/p>\n<p style=\"text-align: center;\">iso 5000, 1\/100sec, f2.0, balance des blancs de l&rsquo;appareil. Photo prise avec \u00e9clairage \u00e0 contre-jour. Encore une fois, le piqu\u00e9 est excellent, mais je dois l&rsquo;avouer, cette image est d\u00fb plus \u00e0 de la chance. Lors de la dance du couple, comme la luminosit\u00e9 variait \u00e9norm\u00e9ment en fonction du jeux de lumi\u00e8res en mouvement constant, il a \u00e9t\u00e9 tr\u00e8s difficile pour l&rsquo;appareil de faire un \u00ab\u00a0lock\u00a0\u00bb au niveau de la mise au point de l&rsquo;autofocus.<\/p>\n<p style=\"text-align: center;\"><a href=\"http:\/\/www.lifestyleimages.ca\/blog\/wp-content\/uploads\/2015\/03\/FUJI3677.jpg\"><img loading=\"lazy\" class=\"alignleft size-full wp-image-540\" src=\"http:\/\/www.lifestyleimages.ca\/blog\/wp-content\/uploads\/2015\/03\/FUJI3677.jpg\" alt=\"FUJI3677\" width=\"920\" height=\"613\" srcset=\"https:\/\/www.lifestyleimages.ca\/blog\/wp-content\/uploads\/2015\/03\/FUJI3677.jpg 920w, https:\/\/www.lifestyleimages.ca\/blog\/wp-content\/uploads\/2015\/03\/FUJI3677-200x133.jpg 200w, https:\/\/www.lifestyleimages.ca\/blog\/wp-content\/uploads\/2015\/03\/FUJI3677-300x199.jpg 300w, https:\/\/www.lifestyleimages.ca\/blog\/wp-content\/uploads\/2015\/03\/FUJI3677-450x300.jpg 450w\" sizes=\"(max-width: 920px) 100vw, 920px\" \/><\/a><\/p>\n<p style=\"text-align: center;\">Les limites de ce bo\u00eetier ayant \u00e9t\u00e9 atteintes, je n&rsquo;ai pas h\u00e9sit\u00e9 \u00e0 utiliser un de mes bo\u00eetiers habituelles. Le nikon D3 avec 50mm 1.4 iso 6400, 1\/60sec, f1.4 en lumi\u00e8re ambiante et balance des blancs de l&rsquo;appareil. Un mariage \u00e9tant un moment unique dans une vie, je ne pouvais pas prendre trop de temps \u00e0 utiliser un bo\u00eetier dont je ne connais pas l&rsquo;efficacit\u00e9 en toutes circonstances. J&rsquo;ai donc pris moins d&rsquo;une minute avec le X-E2 pour retourner imm\u00e9diatement au D3 que j&rsquo;avais autour du cou. N&rsquo;oubliez pas que le risque ici de perdre ce moment \u00e9tait minime, car j&rsquo;\u00e9tais apr\u00e8s tout un \u00ab\u00a0second photographe\u00a0\u00bb. \ud83d\ude09<\/p>\n<p style=\"text-align: center;\"><a href=\"http:\/\/www.lifestyleimages.ca\/blog\/wp-content\/uploads\/2015\/03\/mariage-montre\u0301al.jpg\"><img loading=\"lazy\" class=\"alignleft size-full wp-image-541\" src=\"http:\/\/www.lifestyleimages.ca\/blog\/wp-content\/uploads\/2015\/03\/mariage-montre\u0301al.jpg\" alt=\"mariage montre\u0301al\" width=\"920\" height=\"612\" srcset=\"https:\/\/www.lifestyleimages.ca\/blog\/wp-content\/uploads\/2015\/03\/mariage-montre\u0301al.jpg 920w, https:\/\/www.lifestyleimages.ca\/blog\/wp-content\/uploads\/2015\/03\/mariage-montre\u0301al-200x133.jpg 200w, https:\/\/www.lifestyleimages.ca\/blog\/wp-content\/uploads\/2015\/03\/mariage-montre\u0301al-300x199.jpg 300w, https:\/\/www.lifestyleimages.ca\/blog\/wp-content\/uploads\/2015\/03\/mariage-montre\u0301al-450x300.jpg 450w\" sizes=\"(max-width: 920px) 100vw, 920px\" \/><\/a><\/p>\n<p style=\"text-align: center;\"><strong>Mon appr\u00e9ciation&#8230;<\/strong><\/p>\n<p style=\"text-align: center;\">J&rsquo;ai ador\u00e9 travailler avec ce petit nouveau qui fait partie d\u00e9sormais de mon arsenal mat\u00e9riel. Son poids, sa physionomie plut\u00f4t discr\u00e8te compar\u00e9 \u00e0 mes gros \u00ab\u00a0kodak\u00a0\u00bb, la qualit\u00e9 de ses images et de ses optiques. Des images tr\u00e8s d\u00e9taill\u00e9s autant en iso normal qu&rsquo;en haut iso. Sa facilit\u00e9 d&rsquo;utilisation et la possibilit\u00e9 de le personnalis\u00e9 via certains des boutons pr\u00e9sents en leur assignant des fonctions pr\u00e9cises. Pour ce qui est du viseur, c&rsquo;est bien, mais c&rsquo;est une adaptation. Un viseur \u00e9lectronique n&rsquo;est en rien comparable \u00e0 un viseur optique. C&rsquo;est un peu pour cette raison que je disais plus t\u00f4t dans ce billet que cet appareil avait les apparences d&rsquo;un ranfinder, mais n&rsquo;en est pas un. Pourquoi? Tout simplement parce que il ne s&rsquo;agit pas ici d&rsquo;un viseur t\u00e9l\u00e9m\u00e9trique standard, mais d&rsquo;une miniaturisation d&rsquo;un \u00e9cran qui nous rend l&rsquo;image tel que vu par le capteur. De plus, l&rsquo;avantage pour moi d&rsquo;avoir un viseur sur le c\u00f4t\u00e9, c&rsquo;est que je cesse d&rsquo;y coller mon gros nez. Comme j&rsquo;ai un visage avec peau grasse (lucky me, moins de rides yeahhh), je ne passe pas mon temps \u00e0 laisser ma marque dans l&rsquo;\u00e9cran. L&rsquo;\u00e9cran cependant est superbe.<\/p>\n<p style=\"text-align: center;\">J&rsquo;ai imm\u00e9diatement vu l&rsquo;avantage qu&rsquo;\u00e0 cet appareil sur la cr\u00e9ativit\u00e9. J&rsquo;aime beaucoup faire la chasse \u00e0 la lumi\u00e8re, j&rsquo;aime cr\u00e9er avec celle ci. La plupart du temps je ne cherche pas un beau background pour mes images, mais plut\u00f4t une qualit\u00e9 de lumi\u00e8re, et si possible, ces \u00ab\u00a0ray of light\u00a0\u00bb si difficile \u00e0 trouver et parfois avec un temps manquant, une perte d&rsquo;opportunit\u00e9s. Un mariage est un feu roulant d&rsquo;\u00e9v\u00e9nements qui ne cessent de se succ\u00e9der. Alors parfois prendre du temps pour obtenir un r\u00e9sultat X en faisans quelques essais\/erreurs est parfois impossible. C&rsquo;est l\u00e0 que la pr\u00e9visualisation en temps r\u00e9el est appr\u00e9ci\u00e9, car \u00e0 l&rsquo;\u00e9cran, on trouve imm\u00e9diatement les r\u00e9sultats avant de presser le d\u00e9clencheur en fonction du temps d&rsquo;exposition et de son ouverture de diaphragme. Ce qui prenait alors une minute et plus en temps r\u00e9el ne prend d\u00e9sormais que 5 \u00e0 10 secondes. Avec cette avantage, je peux prendre plus de temps \u00e0 cr\u00e9er et \u00e0 laisser cour \u00e0 ma cr\u00e9ativit\u00e9. Pour ce qui est de son rendement avec la lumi\u00e8re artificielle, il est excellent. J&rsquo;utilise \u00e9galement beaucoup la lumi\u00e8re ambiante, et \u00e9galement une lumi\u00e8re que je peux manipuler \u00e0 ma guise. J&rsquo;ai fais partie des premiers \u00e0 utiliser autrefois les lumi\u00e8res \u00e0 fresnel Lowel iLight. Apr\u00e8s un certain temps, les panneaux LED ont fait leurs apparitions. \u00c0 l&rsquo;\u00e9poque, ces petits panneaux co\u00fbtaient une fortune et manquaient de puissance. Aujourd&rsquo;hui, des panneaux plus abordable se retrouvent sur le march\u00e9. Pas n\u00e9cessaire d&rsquo;acheter un wescott hors de prix pour avoir puissance et qualit\u00e9 lumineuse. En utilisation avec ce petit appareil, on vois imm\u00e9diatement le modelage de cr\u00e9e la lumi\u00e8re, et le rendu sur l&rsquo;image avant m\u00eame de presser le d\u00e9clencheur.<\/p>\n<p style=\"text-align: center;\"><strong> En conclusion&#8230;<\/strong><\/p>\n<p style=\"text-align: center;\">J&rsquo;h\u00e9siterai moins \u00e0 l&rsquo;avenir \u00e0 utiliser cet appareil. Je compte quand m\u00eame sur Fuji pour sortir un appareil avec un meilleur autofocus (apparemment que le X-T1 est sur la bonne voix) et un rendement de pointe au niveau du iso (\u00e9galement X-T1). Les lacunes de cet appareil r\u00e9side dans une utilisation ou la rapidit\u00e9 d&rsquo;ex\u00e9cution en mati\u00e8re d&rsquo;autofocus est exig\u00e9, et plus particuli\u00e8rement en p\u00e9riode de basses lumi\u00e8res o\u00f9 l&rsquo;appareil peine \u00e0 barrer son point de focus sur le sujet, et encore pire, si celui ci est mobile. Pour ce qui est du poids, je dois dire que l&rsquo;attrait d&rsquo;amener avec moi un appareil au si faible poids, sans conc\u00e9der aucunement la qualit\u00e9 photographique exig\u00e9 lors d&rsquo;un travail r\u00e9mun\u00e9r\u00e9 est fort appr\u00e9ciable. De plus, ce mod\u00e8le de cam\u00e9ra peux \u00eatre op\u00e9rer en mode \u00ab\u00a0remote\u00a0\u00bb via iPhone. Le wi-fi interne envois l&rsquo;image au t\u00e9l\u00e9phone intelligent, et il ne nous reste qu&rsquo;\u00e0 d\u00e9finir le point de focus en utilisant l&rsquo;\u00e9cran tactile du t\u00e9l\u00e9phone et de r\u00e9gler l&rsquo;exposition. La man\u0153uvre se fait en une seconde. Ce gadget en fait un alli\u00e9 de poids contre un c\u00e9l\u00e9brant\/cur\u00e9 r\u00e9calcitrant. Une fois la cam\u00e9ra discr\u00e8tement install\u00e9, ni vu ni connu. Ah, j&rsquo;oubliais, le bruit du d\u00e9clencheur est quasi inexistant.<\/p>\n<p style=\"text-align: center;\">Mon gros coup de gueule, c&rsquo;est la dur\u00e9e de la batterie. 300 clics d&rsquo;autonomie, ce n&rsquo;est pas assez, et ce, m\u00eame si comme moi on a quelques batteries (4 dans mon cas). Et que dire de cet afficheur d&rsquo;\u00e9tat de charge de la batterie qui est \u00e0 toute fin pratique, inutile. L&rsquo;appareil affiche en tout temps pleine charge, et lorsque la batterie affiche vide, il ne vous reste au mieux que deux ou trois photos possible, et encore, je suis g\u00e9n\u00e9reux. Mon afficheur \u00e0 tendance \u00e0 m&rsquo;aviser quelques secondes avant de se fermer.<\/p>\n<p style=\"text-align: center;\">Il y aura un deuxi\u00e8me volet \u00e0 ce billet question d&rsquo;explorer encore ses possibilit\u00e9s.<\/p>\n<p style=\"text-align: center;\">Dominique De Mari photographe, membre du Professional Wedding Photographers of Canada PWPC Courriel: info@lifestyleimages.ca T\u00e9l\u00e9phone: 514-750-7492<\/p>\n","protected":false},"excerpt":{"rendered":"<p>\u00a0C&rsquo;est bien connu dans le m\u00e9tier de photographe, que le cr\u00e9neau technique, c&rsquo;est-\u00e0-dire des cam\u00e9ras et tout autre accessoires servant \u00e0 capturer une image est en constante \u00e9volution d&rsquo;ann\u00e9e en ann\u00e9e, ce qui force la plupart des photographes \u00e0 engouffrer des sommes consid\u00e9rables \u00e0 chaque ann\u00e9e afin de se tenir \u00e0 date. Un peu las de tra\u00eener avec moi du gros mat\u00e9riel photo, je me suis convaincu qu&rsquo;un regard du c\u00f4t\u00e9 des appareils sans miroirs, commun\u00e9ment appel\u00e9 mirrorless, serait peut-\u00eatre int\u00e9ressant. Certains amis, mal intentionn\u00e9s pour me faire d\u00e9penser inutilement (haha), s&rsquo;en sont donn\u00e9 \u00e0 c\u0153ur joie afin de me cr\u00e9er des besoins. Farce \u00e0 part, je les remercie. \ud83d\ude09 (Oui \u00c9ric (GX7), Michel (X100s) et Marco (X-T1), c&rsquo;est de vous dont je parle. lol) Avec en t\u00eate une nouvelle acquisition pour mes besoins photos personnels, je me suis donc mis \u00e0 la recherche de la meilleure option pour moi. Comprenez moi bien, je ne dis pas avoir achet\u00e9 la meilleure cam\u00e9ra qui existe, mais un excellent bo\u00eetier qui vient combler mes besoins. Je voulais donc une cam\u00e9ra l\u00e9g\u00e8re, qui pouvais r\u00e9pondre \u00e0 ces attentes. -Excellent bo\u00eetier, petit et l\u00e9ger -Fichiers de hautes qualit\u00e9s -S\u00e9rie d&rsquo;objectifs de hautes qualit\u00e9s -Bonne construction -Bonne aptitude en haut iso -Bon autofocus -Objectifs interchangeables Ceci dit, il n&rsquo;y a pas de bo\u00eetiers mirrorless qui existe actuellement qui contiennent une liste exacte de toutes mes exigences. Quand ils ont une partie de ce que je recherche, c&rsquo;est ailleurs qu&rsquo;il y a un manque. L&rsquo;autofocus en basses lumi\u00e8res est tr\u00e8s al\u00e9atoire, l&rsquo;iso utilisable le plus haut est 6400, mais est n\u00e9anmoins de tr\u00e8s bonnes qualit\u00e9s car il n&rsquo;est pas remplis d\u2019artefacts dans ses zones sombres. L&rsquo;autonomie repr\u00e9sente aussi pour moi un l\u00e9ger probl\u00e8me. Il faut comprendre que l&rsquo;utilisation professionnelle demande parfois une utilisation de plus longue dur\u00e9e que pour monsieur et madame tout le monde. Si les batteries ne sont pas si ch\u00e8re pour combler cette lacune, il reste que lors d&rsquo;un contrat, lorsqu&rsquo;il y a ce que l&rsquo;on appelle un \u00ab\u00a0instant d\u00e9cisif\u00a0\u00bb, vous savez, ce moment unique qui passe le temps d&rsquo;un clin d\u2019\u0153il, et bien il n&rsquo;est pas appr\u00e9ci\u00e9 de perdre \u00e0 tout jamais ce moment par manque d&rsquo;\u00e9nergie. Une batterie pour ce mod\u00e8le vous permet de prendre environ 300 images. Pour la plupart des gens, 300 c&rsquo;est beaucoup, mais pour un usage professionnel, \u00e7a passe vite. L\u00e0 vous vous dites \u00ab\u00a0H\u00e9 ho! Tu ne cherchais pas une cam\u00e9ra compacte pour utilisation personnelle?\u00a0\u00bb H\u00e9 oui! \u00c7a commence souvent comme \u00e7a une nouvelle addiction. \ud83d\ude42 J&rsquo;ai vite d\u00e9couvert au long de mes recherches que je pouvais obtenir plus pour mon argent que ce que je pensais au tout d\u00e9but. Mon intention d&rsquo;utiliser un tel appareil pour des besoins personnels s&rsquo;est vite vu ajouter certaines occasions de l&rsquo;utiliser pour certains besoins professionnels. Le syst\u00e8me Fuji \u00e0 vite attir\u00e9 mon attention. De beaux bo\u00eetiers aux allures des Leica, de beaux appareils aux allures de rangefinder (appareil au viseur t\u00e9l\u00e9m\u00e9trique). Des appareils quasi anonymes tellement ils n&rsquo;attirent pas l&rsquo;attention. J&rsquo;ai aussi \u00e9t\u00e9 impressionn\u00e9 par les \u00ab\u00a0reviews\u00a0\u00bb tr\u00e8s positives sur les objectifs de la marque, qui dans certains cas, atteignent des standards que peu d&rsquo;objectifs peuvent se vanter d&rsquo;atteindre. Pour moi, de pouvoir changer d&rsquo;objectifs selon le besoin \u00e9tait important, afin de ne pas me limiter \u00e0 une seule longueur focale, viss\u00e9 au bo\u00eetier ce qui \u00e0 la longue m&rsquo;appara\u00eet comme une limitation technique dans certaines occasions. J&rsquo;avais donc devant moi deux choix \u00e0 faire pour le type de cam\u00e9ra recherch\u00e9. D&rsquo;un c\u00f4t\u00e9 l&rsquo;excellent X-Pro1, avec un excellent viseur hybride, et de l&rsquo;autre, un X-E2 avec un autofocus plus rapide et plus performant ( surtout d\u00fb au fait qu&rsquo;il soit plus r\u00e9cent). Mon choix s&rsquo;est donc port\u00e9 sur le X-E2. Vous \u00eates surpris? C&rsquo;\u00e9tait pourtant dans le titre! \ud83d\ude1b Un article du National Geographic est d\u2019ailleurs venu me conforter dans mon choix. De plus, la l\u00e9g\u00e8ret\u00e9 d&rsquo;un tel syst\u00e8me est fort appr\u00e9ciable pour une personne comme moi fatigu\u00e9 de transporter 50 lbs de mat\u00e9riel dans un sac, surtout lors de prise de vues ext\u00e9rieures pour mon cr\u00e9neau portrait. Quoi de plus agr\u00e9able que d&rsquo;amener un ou deux bo\u00eetiers ultra-l\u00e9ger avec un ou deux objectifs qui tiennent bien dans une des poche de ma veste. \ud83d\ude09 Ce billet va comporter un volet technique, mais pas en d\u00e9tail. Certains sites ont d\u00e9taill\u00e9s en long et en large les pour et les contre techniques de cet appareil. Les amateurs de fiches techniques devront donc s&rsquo;en remettre \u00e0 ces sites. En fait, c&rsquo;est mon appr\u00e9ciation globale de cet appareil que je veux partager en fonction de situation r\u00e9els de prise de vues. Que ce soit pour un usage professionnel, ou personnel. Ma premi\u00e8re utilisation apr\u00e8s mon acquisition f\u00fbt lors d&rsquo;une prise de vue de couple, ce que l&rsquo;on appelle commun\u00e9ment \u00ab\u00a0la s\u00e9ance d&rsquo;engagement\u00a0\u00bb. Suis-je parti sur une assignation photo\u00a0 avec dans mes mains uniquement ce petit bo\u00eetier? Bien s\u00fbre que non! J&rsquo;ai toujours \u00e9t\u00e9 un fier utilisateur de Nikon, et j&rsquo;avais avec moi mes deux bo\u00eetiers professionnels ainsi que quelques objectifs. J&rsquo;ai n\u00e9anmoins demand\u00e9 au couple de me permettre de prendre quelques clich\u00e9s avec le Fuji, ce qu&rsquo;ils ont accept\u00e9 volontiers. J&rsquo;ai \u00e9t\u00e9 charm\u00e9 imm\u00e9diatement par son utilisation, bien s\u00fbre j&rsquo;avais pratiqu\u00e9 avec cette appareil avant ce moment avec eux, mais ce fut ma premi\u00e8re utilisation en conditions r\u00e9els professionnels. L&rsquo;utilisation, les commandes personnalisables, la qualit\u00e9 des fichiers et surtout, ces couleurs propres \u00e0 Fuji \u00e9taient un d\u00e9lice pour mes yeux. J&rsquo;ai donc d\u00e9cid\u00e9 de poursuivre l&rsquo;exp\u00e9rience et de pousser un peu plus loin. Une amie photographe, Nancy Patry, m&rsquo;a demand\u00e9 si j&rsquo;\u00e9tais libre pour un mariage afin d&rsquo;agir en tant que second photographe. Ils nous arrive \u00e0 tous en tant que photographe d&rsquo;avoir certaines dates qui ne sont pas r\u00e9serv\u00e9s. Pour certains, cette occasion permet une collaboration ponctuel et une occasion de partager une exp\u00e9rience de \u00ab\u00a0shooting\u00a0\u00bb commune. Comme la chimie entre moi et Nancy est excellente, ce fut une occasion de collaborer ensemble. De plus, je dois avouer que ses clients \u00e9taient fort sympathique, et m&rsquo;ont laiss\u00e9 pleine latitude. J&rsquo;ai donc propos\u00e9 \u00e0 Nancy de faire quelques clich\u00e9s avec l&rsquo;appareil, ce qui devrait repr\u00e9senter environ 15% de la couverture que j&rsquo;ai fait. Elle f\u00fbt enthousiasm\u00e9. (La l\u00e9gende de chaque image se retrouve au dessus de celle ci) Voil\u00e0 d\u2019ailleurs Nancy en plein travail. Alors voici donc quelques clich\u00e9s avec d\u00e9tails de prise de vue. Toutes les images ont \u00e9t\u00e9 prises avec le Fujifilm X-E2 en lumi\u00e8re ambiante et la Fujinon 35mm 1.4 (\u00e9quiv. 52.5mm) iso 200, 1\/320sec, f2.5,\u00a0balance des blancs et couleurs modifi\u00e9s. iso 3200, 1\/180sec, f2.5 \u00e0 l&rsquo;int\u00e9rieur de la salle de r\u00e9ception. Malgr\u00e9 l&rsquo;iso utilis\u00e9, les d\u00e9tails de cette prise de vue sont excellents. Balance des blancs de l&rsquo;appareil. iso 1250, 1\/180sec, f2.8, balance des blancs de l&rsquo;appareil iso 1250, 1\/60sec, f1.4, balance des blancs de l&rsquo;appareil. Il est int\u00e9ressant de savoir que l&rsquo;appareil, avec des vitesses plus basse, \u00e0 son propre syst\u00e8me anti-vibrations. iso 200, 1\/40sec, f2.2, balance des blancs de l&rsquo;appareil. Notez le \u00ab\u00a0sharpness\u00a0\u00bb malgr\u00e9 la basse vitesse et la faible profondeur de champ. iso 400, 1\/1000sec, f1.4, balance des blancs de l&rsquo;appareil. Malgr\u00e9 la faible profondeur de champ, l&rsquo;image jouit encore d&rsquo;un piqu\u00e9 excellent. Bien s\u00fbre, avec mon d\u00e9calage de position en rapport avec elles, je suis en hyperfocale. De plus, aucuns probl\u00e8mes chromatiques d\u00fb \u00e0 une r\u00e9flexion quelconque. J&rsquo;ai pourtant vu des objectifs plus dispendieux mordre la poussi\u00e8re avec des conditions lumineuses comparables, et ce, m\u00eame si cette situation ne repr\u00e9sente en rien des conditions extr\u00eames. iso 200, 1\/180sec, f3.6, balance des blancs de l&rsquo;appareil. Mise au point faite sur les yeux. En mode d&rsquo;agrandissement 100%, on vois bien le d\u00e9tail au niveau de la chevelure et la texture de l\u2019\u0153il. iso 200, 1\/1000sec, f3.6, balance des blancs de l&rsquo;appareil. L&rsquo;avantage d&rsquo;un mirrorless comme le mod\u00e8le utilis\u00e9, c&rsquo;est la pr\u00e9-visualisation de l&rsquo;image en temps r\u00e9el. Ce que vous voyez dans le viseur ou \u00e0 l&rsquo;\u00e9cran, c&rsquo;est ce que vous obtiendrai une fois l&rsquo;image prise. Vous chang\u00e9 les temps de poses, la profondeur de champ, vous verrez alors instantan\u00e9ment votre \u00e9cran changer, et ce m\u00eame avant de presser le d\u00e9clencheur. J&rsquo;y vois un gros avantage pour ceux et celles qui veulent composer avec la lumi\u00e8re. J&rsquo;y reviendrai d\u2019ailleurs plus tard. iso 1000, 1\/400sec, f2.0, balance des blancs et couleurs modifi\u00e9s. iso 1000, 1\/500sec, f1.4, balance des blancs de l&rsquo;appareil. Mise au point faite sur les d\u00e9tails en bois de la cl\u00f4ture afin de produire un effet de flou sur le couple. iso 5000, 1\/100sec, f2.8, balance des blancs de l&rsquo;appareil. La photo \u00e0 \u00e9t\u00e9 prise en int\u00e9rieur, donc aucune luminosit\u00e9 ext\u00e9rieur disponible. Autant les d\u00e9tails que le niveau de bruit est fort acceptable pour une image prise \u00e0 haut iso. &#8230;et pourquoi pas jouer un peu avec les d\u00e9tails pr\u00e9sents. \ud83d\ude09 iso 3200, 1\/50sec, f2.8 et balance des blancs de l&rsquo;appareil. iso 5000, 1\/100sec, f2.0, balance des blancs de l&rsquo;appareil. Photo prise avec \u00e9clairage \u00e0 contre-jour. Encore une fois, le piqu\u00e9 est excellent, mais je dois l&rsquo;avouer, cette image est d\u00fb plus \u00e0 de la chance. Lors de la dance du couple, comme la luminosit\u00e9 variait \u00e9norm\u00e9ment en fonction du jeux de lumi\u00e8res en mouvement constant, il a \u00e9t\u00e9 tr\u00e8s difficile pour l&rsquo;appareil de faire un \u00ab\u00a0lock\u00a0\u00bb au niveau de la mise au point de l&rsquo;autofocus. Les limites de ce bo\u00eetier ayant \u00e9t\u00e9 atteintes, je n&rsquo;ai pas h\u00e9sit\u00e9 \u00e0 utiliser un de mes bo\u00eetiers habituelles. Le nikon D3 avec 50mm 1.4 iso 6400, 1\/60sec, f1.4 en lumi\u00e8re ambiante et balance des blancs de l&rsquo;appareil. Un mariage \u00e9tant un moment unique dans une vie, je ne pouvais pas prendre trop de temps \u00e0 utiliser un bo\u00eetier dont je ne connais pas l&rsquo;efficacit\u00e9 en toutes circonstances. J&rsquo;ai donc pris moins d&rsquo;une minute avec le X-E2 pour retourner imm\u00e9diatement au D3 que j&rsquo;avais autour du cou. N&rsquo;oubliez pas que le risque ici de perdre ce moment \u00e9tait minime, car j&rsquo;\u00e9tais apr\u00e8s tout un \u00ab\u00a0second photographe\u00a0\u00bb. \ud83d\ude09 Mon appr\u00e9ciation&#8230; J&rsquo;ai ador\u00e9 travailler avec ce petit nouveau qui fait partie d\u00e9sormais de mon arsenal mat\u00e9riel. Son poids, sa physionomie plut\u00f4t discr\u00e8te compar\u00e9 \u00e0 mes gros \u00ab\u00a0kodak\u00a0\u00bb, la qualit\u00e9 de ses images et de ses optiques. Des images tr\u00e8s d\u00e9taill\u00e9s autant en iso normal qu&rsquo;en haut iso. Sa facilit\u00e9 d&rsquo;utilisation et la possibilit\u00e9 de le personnalis\u00e9 via certains des boutons pr\u00e9sents en leur assignant des fonctions pr\u00e9cises. Pour ce qui est du viseur, c&rsquo;est bien, mais c&rsquo;est une adaptation. Un viseur \u00e9lectronique n&rsquo;est en rien comparable \u00e0 un viseur optique. C&rsquo;est un peu pour cette raison que je disais plus t\u00f4t dans ce billet que cet appareil avait les apparences d&rsquo;un ranfinder, mais n&rsquo;en est pas un. Pourquoi? Tout simplement parce que il ne s&rsquo;agit pas ici d&rsquo;un viseur t\u00e9l\u00e9m\u00e9trique standard, mais d&rsquo;une miniaturisation d&rsquo;un \u00e9cran qui nous rend l&rsquo;image tel que vu par le capteur. De plus, l&rsquo;avantage pour moi d&rsquo;avoir un viseur sur le c\u00f4t\u00e9, c&rsquo;est que je cesse d&rsquo;y coller mon gros nez. Comme j&rsquo;ai un visage avec peau grasse (lucky me, moins de rides yeahhh), je ne passe pas mon temps \u00e0 laisser ma marque dans l&rsquo;\u00e9cran. L&rsquo;\u00e9cran cependant est superbe. J&rsquo;ai imm\u00e9diatement vu l&rsquo;avantage qu&rsquo;\u00e0 cet appareil sur la cr\u00e9ativit\u00e9. J&rsquo;aime beaucoup faire la chasse \u00e0 la lumi\u00e8re, j&rsquo;aime cr\u00e9er avec celle ci. La plupart du temps je ne cherche pas un beau background pour mes images, mais plut\u00f4t une qualit\u00e9 de lumi\u00e8re, et si possible, ces \u00ab\u00a0ray of light\u00a0\u00bb si difficile \u00e0 trouver et parfois avec un temps manquant, une perte d&rsquo;opportunit\u00e9s. Un mariage est un feu roulant d&rsquo;\u00e9v\u00e9nements qui ne cessent de se succ\u00e9der. Alors parfois prendre du temps pour obtenir un r\u00e9sultat X en faisans quelques essais\/erreurs est parfois impossible. C&rsquo;est l\u00e0 que la pr\u00e9visualisation en temps r\u00e9el est appr\u00e9ci\u00e9, car \u00e0 l&rsquo;\u00e9cran, on trouve imm\u00e9diatement les r\u00e9sultats avant de presser le d\u00e9clencheur en fonction du temps d&rsquo;exposition et de son ouverture de diaphragme. Ce qui prenait alors une minute et plus en temps r\u00e9el ne prend d\u00e9sormais que 5 \u00e0 10 secondes. Avec&#8230;<\/p>\n","protected":false},"author":1,"featured_media":507,"comment_status":"open","ping_status":"open","sticky":false,"template":"","format":"standard","meta":[],"categories":[1],"tags":[58,57,8,12,61,60,59],"_links":{"self":[{"href":"https:\/\/www.lifestyleimages.ca\/blog\/wp-json\/wp\/v2\/posts\/506"}],"collection":[{"href":"https:\/\/www.lifestyleimages.ca\/blog\/wp-json\/wp\/v2\/posts"}],"about":[{"href":"https:\/\/www.lifestyleimages.ca\/blog\/wp-json\/wp\/v2\/types\/post"}],"author":[{"embeddable":true,"href":"https:\/\/www.lifestyleimages.ca\/blog\/wp-json\/wp\/v2\/users\/1"}],"replies":[{"embeddable":true,"href":"https:\/\/www.lifestyleimages.ca\/blog\/wp-json\/wp\/v2\/comments?post=506"}],"version-history":[{"count":37,"href":"https:\/\/www.lifestyleimages.ca\/blog\/wp-json\/wp\/v2\/posts\/506\/revisions"}],"predecessor-version":[{"id":559,"href":"https:\/\/www.lifestyleimages.ca\/blog\/wp-json\/wp\/v2\/posts\/506\/revisions\/559"}],"wp:featuredmedia":[{"embeddable":true,"href":"https:\/\/www.lifestyleimages.ca\/blog\/wp-json\/wp\/v2\/media\/507"}],"wp:attachment":[{"href":"https:\/\/www.lifestyleimages.ca\/blog\/wp-json\/wp\/v2\/media?parent=506"}],"wp:term":[{"taxonomy":"category","embeddable":true,"href":"https:\/\/www.lifestyleimages.ca\/blog\/wp-json\/wp\/v2\/categories?post=506"},{"taxonomy":"post_tag","embeddable":true,"href":"https:\/\/www.lifestyleimages.ca\/blog\/wp-json\/wp\/v2\/tags?post=506"}],"curies":[{"name":"wp","href":"https:\/\/api.w.org\/{rel}","templated":true}]}}